{"id":56389,"date":"2021-04-21T14:43:59","date_gmt":"2021-04-21T12:43:59","guid":{"rendered":"https:\/\/www.fatturadigitale.com\/?p=56389"},"modified":"2021-04-21T14:43:59","modified_gmt":"2021-04-21T12:43:59","slug":"smart-workers-chi-sono-e-come-lavorano","status":"publish","type":"post","link":"https:\/\/www.fatturadigitale.com\/en\/smart-workers-chi-sono-e-come-lavorano\/azienda-digitale\/","title":{"rendered":"Smart Workers chi sono e come lavorano?"},"content":{"rendered":"<p>Lo smart working \u00e8 il trend del momento, causa pandemia siamo tutti diventati degli smart workers, ovvero dei lavoratori intelligenti, non che non lo fossimo gi\u00e0, ma nell&#8217;ultimo anno abbiamo dato prova che possiamo lavorare in maniera produttiva anche da casa.<\/p>\n<p>Certo all&#8217;inizio qualche difficolt\u00e0 c&#8217;\u00e8 stata, vuoi la <strong>mancanza di dispositivi e software adeguati<\/strong>, vuoi i <strong>collegamenti internet sottopotenziati<\/strong> perch\u00e8 ad uso casalingo, mettici pure lo <strong>smarrimento generale<\/strong> per la situazione e la mancanza del confronto costante con i colleghi, e qualche problemino \u00e8 spuntato fuori.<\/p>\n<p>Superata per\u00f2 la prima fase di assestamento, gli <strong>smart workers<\/strong> s<strong>ono diventati operativi e produttivi<\/strong> come non mai, e persino i lavoratori di call center o operatori di sportello della PA hanno lavorato da remoto senza alcun problema.<\/p>\n<p><strong>Com&#8217;\u00e8 cambiata la figura dello smart worker?\u00a0<\/strong><\/p>\n<p>Ammettiamolo, prima della pandemia da covid19, il lavoro da casa era un po&#8217; bistrattato, una sorta di ripiego,\u00a0 argomento da omettere nelle conversazioni tra amici, ora invece ne facciamo un vanto, b\u00e8 meglio tardi che mai!<\/p>\n<p>Certo, non tutte le categorie di attivit\u00e0 o servizi possono fare smart working, ma certamente in <strong>molti ora possono rivedere il loro modo di fare impresa<\/strong>, <strong>investendo in soluzioni &#8220;smart&#8221;<\/strong> che riducano i costi di gestione, aumentino la produttivit\u00e0 e perch\u00e8 no, mirino ad avere un minor impatto ambientale.<\/p>\n<h3><strong>Strumenti e servizi per l&#8217;impresa smart\u00a0<\/strong><\/h3>\n<p><strong>Virtual Office e Coworking<\/strong><\/p>\n<p><strong>Il virtual office \u00e8 la soluzione ideale<\/strong> <strong>per imprenditori o liberi professionisti<\/strong> che lavorano principalmente da casa o in ambienti dove non si ha modo di incontrare clienti e collaboratori, ma che hanno comunque la necessit\u00e0 di avere una sede ufficiale e prestigiosa.<\/p>\n<p>&#8220;<em>Il virtual office \u00e8 un&#8217;ottima soluzione anche per le piccole imprese o per le start up che scelgono di avere un ufficio virtuale presso un business center situato in zone prestigiose o nel centro della citt\u00e0, aggiungendo credibilit\u00e0 al proprio business&#8221;<\/em>, come ci ha spiegato Roberta Ghilardelli , responsabile commerciale della <a href=\"https:\/\/www.pickcenter.it\/\">Pick Center di Roma<\/a>.<\/p>\n<p>Il <strong>vantaggio di avere un ufficio virtuale<\/strong> non \u00e8 per\u00f2 solo &#8220;l&#8217;indirizzo prestigioso&#8221;, perch\u00e8 intorno a questo tipo di soluzione <strong>si sviluppano una serie di servizi essenziali<\/strong>, spesso troppo onerosi per una piccola attivit\u00e0 o un libero professionista, che invece vengono inclusi in un canone periodico o in carnet a consumo, come ad esempio:<\/p>\n<ul>\n<li>l&#8217;utilizzo di un indirizzo civico e\/o numero telefonico con risposta personalizzata,<\/li>\n<li>una casella vocale,<\/li>\n<li>l&#8217;inoltro in tempo reale, via email, di messaggi per telefonate o corrispondenza ricevuta e poi trasmesse dal personale del V.O.,<\/li>\n<li>accoglienza di eventuali ospiti e clienti,<\/li>\n<li>gestione agenda appuntamenti e condivisione calendario,<\/li>\n<li>ambienti sanificati a norma e cos\u00ec via&#8230;<\/li>\n<\/ul>\n<p>Inoltre, a questo tipo di servizio, vengono proposti <em>&#8220;spazi di lavoro riservati o postazioni coworking utilizzabili a carnet di ore o in modo continuativo&#8221;<\/em>&#8211; continua Roberta Ghirardelli &#8211; &#8220;<em>con la massima flessibilit\u00e0 negli spazi e nelle modalit\u00e0 di utilizzo oltre alla possibilit\u00e0 di iniziare immediatamente la propria attivit\u00e0 senza spese di avviamento, gestione e manutenzione, con soluzioni diverse e adattabili ad ogni esigenza&#8221;.<\/em><\/p><!--CusAds0-->\n<span class='bctt-click-to-tweet'><span class='bctt-ctt-text'><a href='https:\/\/x.com\/intent\/tweet?url=https%3A%2F%2Fwww.fatturadigitale.com%2Fen%2Fsmart-workers-chi-sono-e-come-lavorano%2Fazienda-digitale%2F&#038;text=smart%20workers%20chi%20sono%20e%20come%20lavorano%3F&#038;related' target='_blank'rel=\"noopener noreferrer\">smart workers chi sono e come lavorano? <\/a><\/span><a href='https:\/\/x.com\/intent\/tweet?url=https%3A%2F%2Fwww.fatturadigitale.com%2Fen%2Fsmart-workers-chi-sono-e-come-lavorano%2Fazienda-digitale%2F&#038;text=smart%20workers%20chi%20sono%20e%20come%20lavorano%3F&#038;related' target='_blank' class='bctt-ctt-btn'rel=\"noopener noreferrer\">Share on X<\/a><\/span>\n<p><strong>Dispositivi mobili e gestionali in cloud\u00a0<\/strong><\/p>\n<p>Inutile dire che <strong>lo smart worker non esiste se<\/strong> non ha un collegamento internet illimitato, un portatile o tablet ed uno smarphone.<\/p>\n<p>Oltre ai device standard, <strong>lo smart worker deve essere dotato<\/strong> <strong>di un account mail<\/strong> consultabile senza dover installare client di posta elettronica in locale, (ad esempio si pu\u00f2 usare gmail).<\/p>\n<p>Fondamentale \u00e8 anche l&#8217;uso di <strong>un sistema gestionale in cloud,<\/strong> che consenta al libero professionista, al titolare o al collaboratore dell&#8217;azienda, di accedere senza restrizioni e da qualsiasi dispositivo ai dati per elaborare ed inviare preventivi, ricevere ordini ed emettere fatture.<\/p>\n<p>La <strong>suite gestionale <a href=\"https:\/\/www.company015.it\/?fd\">COMPANY015<\/a><\/strong> ed il sistema <a href=\"https:\/\/preventivi015.it\/?fd\"><strong>PREVENTIVI015<\/strong><\/a> ad esempio, permettono alla PMI e\/o al libero professionista di <strong>gestire la propria attivit\u00e0 da qualsiasi dispositivo collegato ad internet<\/strong>, sfruttando la sicurezza e la flessibilit\u00e0 del cloud.<\/p>\n<p>Proprio questo tipo di tecnologia, fino a qualche anno fa ad appannaggio delle grosse strutture, diventa la leva fondamentale per la crescita digitale di qualsiasi attivit\u00e0, soprattutto quelle pi\u00f9 piccole.<\/p>\n<p>Da un problema pu\u00f2 nascere una opportunit\u00e0 ed il sistema economico e produttivo deve approfittare di questo momento e trovare lo slancio giusto per aumentare il livello di produttivit\u00e0.<\/p>\n<p><strong>Risorse utili gratuite sull&#8217;argomento trattato che puoi consultare:<\/strong><\/p>\n<ul>\n<li><a href=\"https:\/\/www.pickcenter.it\/\">servizi di virtual office<\/a><\/li>\n<li><a href=\"https:\/\/www.company015.it\/?fd\">gestionale modulare in cloud\u00a0<\/a><\/li>\n<li><a href=\"https:\/\/preventivi015.it\/?fd\">software preventivi e gestione clienti\u00a0<\/a><\/li>\n<\/ul>\n<p><strong>se vuoi essere aggiornato su argomenti di questo tipo, iscriviti alla newsletter di fatturadigitale.com<\/strong><br \/>\n<div id=\"email-subscribers-form-2\" class=\"widget widget_email-subscribers-form amr_widget\"><p class=\"widget-title\"> iscriviti alla newsletter <\/p><div class=\"emaillist\" id=\"es_form_f1-n1\"><form action=\"\/en\/wp-json\/wp\/v2\/posts\/56389#es_form_f1-n1\" method=\"post\" class=\"es_subscription_form es_shortcode_form  es_ajax_subscription_form\" id=\"es_subscription_form_69f31580b5850\" data-source=\"ig-es\" data-form-id=\"1\" data-trp-original-action=\"\/en\/wp-json\/wp\/v2\/posts\/56389#es_form_f1-n1\"><div class=\"es_caption\">ricevi tutti gli aggiornamenti sul tuo indirizzo email<\/div><div class=\"es-field-wrap\"><label>nominativo<br \/><input type=\"text\" name=\"esfpx_name\" class=\"ig_es_form_field_name\" placeholder=\"\" value=\"\" \/><\/label><\/div><div class=\"es-field-wrap ig-es-form-field\"><label class=\"es-field-label\">email*<br \/><input class=\"es_required_field es_txt_email ig_es_form_field_email ig-es-form-input\" type=\"email\" name=\"esfpx_email\" value=\"\" placeholder=\"\" required=\"required\" \/><\/label><\/div><input type=\"hidden\" name=\"esfpx_lists[]\" value=\"d49f2377ea13\" \/><input type=\"hidden\" name=\"esfpx_form_id\" value=\"1\" \/><input type=\"hidden\" name=\"es\" value=\"subscribe\" \/>\n\t\t\t<input type=\"hidden\" name=\"esfpx_es_form_identifier\" value=\"f1-n1\" \/>\n\t\t\t<input type=\"hidden\" name=\"esfpx_es_email_page\" value=\"56389\" \/>\n\t\t\t<input type=\"hidden\" name=\"esfpx_es_email_page_url\" value=\"https:\/\/www.fatturadigitale.com\/en\/smart-workers-chi-sono-e-come-lavorano\/azienda-digitale\/\" \/>\n\t\t\t<input type=\"hidden\" name=\"esfpx_status\" value=\"Unconfirmed\" \/>\n\t\t\t<input type=\"hidden\" name=\"esfpx_es-subscribe\" id=\"es-subscribe-69f31580b5850\" value=\"4f625deade\" \/>\n\t\t\t<label style=\"position:absolute;top:-99999px;left:-99999px;z-index:-99;\" aria-hidden=\"true\"><span hidden>Please leave this field empty.<\/span><input type=\"email\" name=\"esfpx_es_hp_email\" class=\"es_required_field\" tabindex=\"-1\" autocomplete=\"-1\" value=\"\" \/><\/label><input type=\"submit\" name=\"submit\" class=\"es_subscription_form_submit es_submit_button es_textbox_button\" id=\"es_subscription_form_submit_69f31580b5850\" value=\"iscriviti\" \/><span class=\"es_spinner_image\" id=\"spinner-image\"><img decoding=\"async\" src=\"https:\/\/www.fatturadigitale.com\/wp-content\/plugins\/email-subscribers\/lite\/public\/images\/spinner.gif\" alt=\"Loading\" \/><\/span><input type=\"hidden\" name=\"trp-form-language\" value=\"en\"\/><\/form><span class=\"es_subscription_message\" id=\"es_subscription_message_69f31580b5850\" role=\"alert\" aria-live=\"assertive\"><\/span><\/div><\/div><\/p>\n<p><img loading=\"lazy\" decoding=\"async\" class=\"alignnone wp-image-57438 size-full\" src=\"https:\/\/www.fatturadigitale.com\/wp-content\/uploads\/2021\/04\/smart-workers-chi-sono-e-come-lavorano-1.png\" alt=\"smart workers chi sono e come lavorano azienda digitale fatturadigitale.com\" width=\"650\" height=\"339\" srcset=\"https:\/\/www.fatturadigitale.com\/wp-content\/uploads\/2021\/04\/smart-workers-chi-sono-e-come-lavorano-1.png 650w, https:\/\/www.fatturadigitale.com\/wp-content\/uploads\/2021\/04\/smart-workers-chi-sono-e-come-lavorano-1-300x156.png 300w, https:\/\/www.fatturadigitale.com\/wp-content\/uploads\/2021\/04\/smart-workers-chi-sono-e-come-lavorano-1-290x150.png 290w\" sizes=\"auto, (max-width: 650px) 100vw, 650px\" \/><\/p>\n<div class=\"fb-background-color\">\n\t\t\t  <div \n\t\t\t  \tclass = \"fb-comments\" \n\t\t\t  \tdata-href = \"https:\/\/www.fatturadigitale.com\/en\/smart-workers-chi-sono-e-come-lavorano\/azienda-digitale\/\"\n\t\t\t  \tdata-numposts = \"10\"\n\t\t\t  \tdata-lazy = \"true\"\n\t\t\t\tdata-colorscheme = \"light\"\n\t\t\t\tdata-order-by = \"social\"\n\t\t\t\tdata-mobile=\"true\">\n\t\t\t  <\/div><\/div>\n\t\t  <style>\n\t\t    .fb-background-color {\n\t\t\t\tbackground:  !important;\n\t\t\t}\n\t\t\t.fb_iframe_widget_fluid_desktop iframe {\n\t\t\t    width: 100% !important;\n\t\t\t}\n\t\t  <\/style>\n\t\t  <!--CusAds0-->\n<div style=\"font-size: 0px; height: 0px; line-height: 0px; margin: 0; padding: 0; clear: both;\"><\/div>","protected":false},"excerpt":{"rendered":"<p>Lo smart working \u00e8 il trend del momento, causa pandemia siamo tutti diventati degli smart workers, ovvero dei lavoratori intelligenti, non che non lo fossimo gi\u00e0, ma nell&#8217;ultimo anno abbiamo dato prova che possiamo lavorare in maniera produttiva anche da casa. Certo all&#8217;inizio qualche difficolt\u00e0 c&#8217;\u00e8 stata, vuoi la mancanza di dispositivi e software adeguati,&hellip;&nbsp;<a href=\"https:\/\/www.fatturadigitale.com\/en\/smart-workers-chi-sono-e-come-lavorano\/azienda-digitale\/\" rel=\"bookmark\"><span class=\"screen-reader-text\">Smart Workers chi sono e come lavorano?<\/span><\/a><\/p>","protected":false},"author":2,"featured_media":57452,"comment_status":"closed","ping_status":"open","sticky":false,"template":"","format":"standard","meta":{"neve_meta_sidebar":"","neve_meta_container":"","neve_meta_enable_content_width":"","neve_meta_content_width":0,"neve_meta_title_alignment":"","neve_meta_author_avatar":"","neve_post_elements_order":"","neve_meta_disable_header":"","neve_meta_disable_footer":"","neve_meta_disable_title":"","footnotes":""},"categories":[136,9,4],"tags":[247,245,246,248],"class_list":["post-56389","post","type-post","status-publish","format-standard","has-post-thumbnail","hentry","category-azienda-digitale","category-impresa","category-lavoro","tag-gestionali-in-cloud","tag-smart-workers","tag-smart-working","tag-virtual-office"],"yoast_head":"<!-- This site is optimized with the Yoast SEO plugin v24.5 - https:\/\/yoast.com\/wordpress\/plugins\/seo\/ -->\n<title>Smart Workers chi sono e come lavorano? - fattura digitale - news itc business pmi e professionisti<\/title>\n<meta name=\"description\" content=\"Smart Workers nuove figure di lavoratori che a causa della situazione pandemica mondiale sono diventate un trend . Ecco gli strumenti per lavo\" \/>\n<meta name=\"robots\" content=\"index, follow, max-snippet:-1, max-image-preview:large, max-video-preview:-1\" \/>\n<link rel=\"canonical\" href=\"https:\/\/www.fatturadigitale.com\/en\/smart-workers-chi-sono-e-come-lavorano\/azienda-digitale\/\" \/>\n<meta property=\"og:locale\" content=\"en_GB\" \/>\n<meta property=\"og:type\" content=\"article\" \/>\n<meta property=\"og:title\" content=\"Smart Workers chi sono e come lavorano? - fattura digitale - news itc business pmi e professionisti\" \/>\n<meta property=\"og:description\" content=\"Smart Workers nuove figure di lavoratori che a causa della situazione pandemica mondiale sono diventate un trend . Ecco gli strumenti per lavo\" \/>\n<meta property=\"og:url\" content=\"https:\/\/www.fatturadigitale.com\/en\/smart-workers-chi-sono-e-come-lavorano\/azienda-digitale\/\" \/>\n<meta property=\"og:site_name\" content=\"fattura digitale - news itc business pmi e professionisti\" \/>\n<meta property=\"article:published_time\" content=\"2021-04-21T12:43:59+00:00\" \/>\n<meta property=\"og:image\" content=\"https:\/\/www.fatturadigitale.com\/wp-content\/uploads\/2021\/04\/smart-workers-chi-sono-e-come-lavorano-2.png\" \/>\n\t<meta property=\"og:image:width\" content=\"650\" \/>\n\t<meta property=\"og:image:height\" content=\"339\" \/>\n\t<meta property=\"og:image:type\" content=\"image\/png\" \/>\n<meta name=\"author\" content=\"redfattura redfattura\" \/>\n<meta name=\"twitter:card\" content=\"summary_large_image\" \/>\n<meta name=\"twitter:label1\" content=\"Written by\" \/>\n\t<meta name=\"twitter:data1\" content=\"redfattura redfattura\" \/>\n\t<meta name=\"twitter:label2\" content=\"Estimated reading time\" \/>\n\t<meta name=\"twitter:data2\" content=\"4 minutes\" \/>\n<script type=\"application\/ld+json\" class=\"yoast-schema-graph\">{\"@context\":\"https:\/\/schema.org\",\"@graph\":[{\"@type\":\"WebPage\",\"@id\":\"https:\/\/www.fatturadigitale.com\/smart-workers-chi-sono-e-come-lavorano\/azienda-digitale\/\",\"url\":\"https:\/\/www.fatturadigitale.com\/smart-workers-chi-sono-e-come-lavorano\/azienda-digitale\/\",\"name\":\"Smart Workers chi sono e come lavorano? - fattura digitale - news itc business pmi e professionisti\",\"isPartOf\":{\"@id\":\"https:\/\/www.fatturadigitale.com\/#website\"},\"primaryImageOfPage\":{\"@id\":\"https:\/\/www.fatturadigitale.com\/smart-workers-chi-sono-e-come-lavorano\/azienda-digitale\/#primaryimage\"},\"image\":{\"@id\":\"https:\/\/www.fatturadigitale.com\/smart-workers-chi-sono-e-come-lavorano\/azienda-digitale\/#primaryimage\"},\"thumbnailUrl\":\"https:\/\/www.fatturadigitale.com\/wp-content\/uploads\/2021\/04\/smart-workers-chi-sono-e-come-lavorano-2.png\",\"datePublished\":\"2021-04-21T12:43:59+00:00\",\"author\":{\"@id\":\"https:\/\/www.fatturadigitale.com\/#\/schema\/person\/f8f314057303e6b6a0e3ba55d105e935\"},\"description\":\"Smart Workers nuove figure di lavoratori che a causa della situazione pandemica mondiale sono diventate un trend . Ecco gli strumenti per lavo\",\"breadcrumb\":{\"@id\":\"https:\/\/www.fatturadigitale.com\/smart-workers-chi-sono-e-come-lavorano\/azienda-digitale\/#breadcrumb\"},\"inLanguage\":\"en-GB\",\"potentialAction\":[{\"@type\":\"ReadAction\",\"target\":[\"https:\/\/www.fatturadigitale.com\/smart-workers-chi-sono-e-come-lavorano\/azienda-digitale\/\"]}]},{\"@type\":\"ImageObject\",\"inLanguage\":\"en-GB\",\"@id\":\"https:\/\/www.fatturadigitale.com\/smart-workers-chi-sono-e-come-lavorano\/azienda-digitale\/#primaryimage\",\"url\":\"https:\/\/www.fatturadigitale.com\/wp-content\/uploads\/2021\/04\/smart-workers-chi-sono-e-come-lavorano-2.png\",\"contentUrl\":\"https:\/\/www.fatturadigitale.com\/wp-content\/uploads\/2021\/04\/smart-workers-chi-sono-e-come-lavorano-2.png\",\"width\":650,\"height\":339},{\"@type\":\"BreadcrumbList\",\"@id\":\"https:\/\/www.fatturadigitale.com\/smart-workers-chi-sono-e-come-lavorano\/azienda-digitale\/#breadcrumb\",\"itemListElement\":[{\"@type\":\"ListItem\",\"position\":1,\"name\":\"Home\",\"item\":\"https:\/\/www.fatturadigitale.com\/\"},{\"@type\":\"ListItem\",\"position\":2,\"name\":\"Smart Workers chi sono e come lavorano?\"}]},{\"@type\":\"WebSite\",\"@id\":\"https:\/\/www.fatturadigitale.com\/#website\",\"url\":\"https:\/\/www.fatturadigitale.com\/\",\"name\":\"fattura digitale - news itc business pmi e professionisti\",\"description\":\"business blog aziende e liberi professionisti in digitale\",\"potentialAction\":[{\"@type\":\"SearchAction\",\"target\":{\"@type\":\"EntryPoint\",\"urlTemplate\":\"https:\/\/www.fatturadigitale.com\/?s={search_term_string}\"},\"query-input\":{\"@type\":\"PropertyValueSpecification\",\"valueRequired\":true,\"valueName\":\"search_term_string\"}}],\"inLanguage\":\"en-GB\"},{\"@type\":\"Person\",\"@id\":\"https:\/\/www.fatturadigitale.com\/#\/schema\/person\/f8f314057303e6b6a0e3ba55d105e935\",\"name\":\"redfattura redfattura\",\"image\":{\"@type\":\"ImageObject\",\"inLanguage\":\"en-GB\",\"@id\":\"https:\/\/www.fatturadigitale.com\/#\/schema\/person\/image\/\",\"url\":\"https:\/\/secure.gravatar.com\/avatar\/1896f93c4b5dc4485f25a2badb55b21c?s=96&d=mm&r=g\",\"contentUrl\":\"https:\/\/secure.gravatar.com\/avatar\/1896f93c4b5dc4485f25a2badb55b21c?s=96&d=mm&r=g\",\"caption\":\"redfattura redfattura\"},\"url\":\"https:\/\/www.fatturadigitale.com\/en\/author\/redfattura\/\"}]}<\/script>\n<!-- \/ Yoast SEO plugin. -->","yoast_head_json":{"title":"Smart Workers chi sono e come lavorano? - fattura digitale - news itc business pmi e professionisti","description":"Smart Workers nuove figure di lavoratori che a causa della situazione pandemica mondiale sono diventate un trend . Ecco gli strumenti per lavo","robots":{"index":"index","follow":"follow","max-snippet":"max-snippet:-1","max-image-preview":"max-image-preview:large","max-video-preview":"max-video-preview:-1"},"canonical":"https:\/\/www.fatturadigitale.com\/en\/smart-workers-chi-sono-e-come-lavorano\/azienda-digitale\/","og_locale":"en_GB","og_type":"article","og_title":"Smart Workers chi sono e come lavorano? - fattura digitale - news itc business pmi e professionisti","og_description":"Smart Workers nuove figure di lavoratori che a causa della situazione pandemica mondiale sono diventate un trend . Ecco gli strumenti per lavo","og_url":"https:\/\/www.fatturadigitale.com\/en\/smart-workers-chi-sono-e-come-lavorano\/azienda-digitale\/","og_site_name":"fattura digitale - news itc business pmi e professionisti","article_published_time":"2021-04-21T12:43:59+00:00","og_image":[{"width":650,"height":339,"url":"https:\/\/www.fatturadigitale.com\/wp-content\/uploads\/2021\/04\/smart-workers-chi-sono-e-come-lavorano-2.png","type":"image\/png"}],"author":"redfattura redfattura","twitter_card":"summary_large_image","twitter_misc":{"Written by":"redfattura redfattura","Estimated reading time":"4 minutes"},"schema":{"@context":"https:\/\/schema.org","@graph":[{"@type":"WebPage","@id":"https:\/\/www.fatturadigitale.com\/smart-workers-chi-sono-e-come-lavorano\/azienda-digitale\/","url":"https:\/\/www.fatturadigitale.com\/smart-workers-chi-sono-e-come-lavorano\/azienda-digitale\/","name":"Smart Workers chi sono e come lavorano? - fattura digitale - news itc business pmi e professionisti","isPartOf":{"@id":"https:\/\/www.fatturadigitale.com\/#website"},"primaryImageOfPage":{"@id":"https:\/\/www.fatturadigitale.com\/smart-workers-chi-sono-e-come-lavorano\/azienda-digitale\/#primaryimage"},"image":{"@id":"https:\/\/www.fatturadigitale.com\/smart-workers-chi-sono-e-come-lavorano\/azienda-digitale\/#primaryimage"},"thumbnailUrl":"https:\/\/www.fatturadigitale.com\/wp-content\/uploads\/2021\/04\/smart-workers-chi-sono-e-come-lavorano-2.png","datePublished":"2021-04-21T12:43:59+00:00","author":{"@id":"https:\/\/www.fatturadigitale.com\/#\/schema\/person\/f8f314057303e6b6a0e3ba55d105e935"},"description":"Smart Workers nuove figure di lavoratori che a causa della situazione pandemica mondiale sono diventate un trend . Ecco gli strumenti per lavo","breadcrumb":{"@id":"https:\/\/www.fatturadigitale.com\/smart-workers-chi-sono-e-come-lavorano\/azienda-digitale\/#breadcrumb"},"inLanguage":"en-GB","potentialAction":[{"@type":"ReadAction","target":["https:\/\/www.fatturadigitale.com\/smart-workers-chi-sono-e-come-lavorano\/azienda-digitale\/"]}]},{"@type":"ImageObject","inLanguage":"en-GB","@id":"https:\/\/www.fatturadigitale.com\/smart-workers-chi-sono-e-come-lavorano\/azienda-digitale\/#primaryimage","url":"https:\/\/www.fatturadigitale.com\/wp-content\/uploads\/2021\/04\/smart-workers-chi-sono-e-come-lavorano-2.png","contentUrl":"https:\/\/www.fatturadigitale.com\/wp-content\/uploads\/2021\/04\/smart-workers-chi-sono-e-come-lavorano-2.png","width":650,"height":339},{"@type":"BreadcrumbList","@id":"https:\/\/www.fatturadigitale.com\/smart-workers-chi-sono-e-come-lavorano\/azienda-digitale\/#breadcrumb","itemListElement":[{"@type":"ListItem","position":1,"name":"Home","item":"https:\/\/www.fatturadigitale.com\/"},{"@type":"ListItem","position":2,"name":"Smart Workers chi sono e come lavorano?"}]},{"@type":"WebSite","@id":"https:\/\/www.fatturadigitale.com\/#website","url":"https:\/\/www.fatturadigitale.com\/","name":"fattura digitale - news itc business pmi e professionisti","description":"business blog aziende e liberi professionisti in digitale","potentialAction":[{"@type":"SearchAction","target":{"@type":"EntryPoint","urlTemplate":"https:\/\/www.fatturadigitale.com\/?s={search_term_string}"},"query-input":{"@type":"PropertyValueSpecification","valueRequired":true,"valueName":"search_term_string"}}],"inLanguage":"en-GB"},{"@type":"Person","@id":"https:\/\/www.fatturadigitale.com\/#\/schema\/person\/f8f314057303e6b6a0e3ba55d105e935","name":"redfattura redfattura","image":{"@type":"ImageObject","inLanguage":"en-GB","@id":"https:\/\/www.fatturadigitale.com\/#\/schema\/person\/image\/","url":"https:\/\/secure.gravatar.com\/avatar\/1896f93c4b5dc4485f25a2badb55b21c?s=96&d=mm&r=g","contentUrl":"https:\/\/secure.gravatar.com\/avatar\/1896f93c4b5dc4485f25a2badb55b21c?s=96&d=mm&r=g","caption":"redfattura redfattura"},"url":"https:\/\/www.fatturadigitale.com\/en\/author\/redfattura\/"}]}},"jetpack_featured_media_url":"https:\/\/www.fatturadigitale.com\/wp-content\/uploads\/2021\/04\/smart-workers-chi-sono-e-come-lavorano-2.png","post_mailing_queue_ids":[],"_links":{"self":[{"href":"https:\/\/www.fatturadigitale.com\/en\/wp-json\/wp\/v2\/posts\/56389","targetHints":{"allow":["GET"]}}],"collection":[{"href":"https:\/\/www.fatturadigitale.com\/en\/wp-json\/wp\/v2\/posts"}],"about":[{"href":"https:\/\/www.fatturadigitale.com\/en\/wp-json\/wp\/v2\/types\/post"}],"author":[{"embeddable":true,"href":"https:\/\/www.fatturadigitale.com\/en\/wp-json\/wp\/v2\/users\/2"}],"replies":[{"embeddable":true,"href":"https:\/\/www.fatturadigitale.com\/en\/wp-json\/wp\/v2\/comments?post=56389"}],"version-history":[{"count":6,"href":"https:\/\/www.fatturadigitale.com\/en\/wp-json\/wp\/v2\/posts\/56389\/revisions"}],"predecessor-version":[{"id":57453,"href":"https:\/\/www.fatturadigitale.com\/en\/wp-json\/wp\/v2\/posts\/56389\/revisions\/57453"}],"wp:featuredmedia":[{"embeddable":true,"href":"https:\/\/www.fatturadigitale.com\/en\/wp-json\/wp\/v2\/media\/57452"}],"wp:attachment":[{"href":"https:\/\/www.fatturadigitale.com\/en\/wp-json\/wp\/v2\/media?parent=56389"}],"wp:term":[{"taxonomy":"category","embeddable":true,"href":"https:\/\/www.fatturadigitale.com\/en\/wp-json\/wp\/v2\/categories?post=56389"},{"taxonomy":"post_tag","embeddable":true,"href":"https:\/\/www.fatturadigitale.com\/en\/wp-json\/wp\/v2\/tags?post=56389"}],"curies":[{"name":"wp","href":"https:\/\/api.w.org\/{rel}","templated":true}]}}