{"id":541,"date":"2018-09-25T10:56:19","date_gmt":"2018-09-25T08:56:19","guid":{"rendered":"https:\/\/www.fatturadigitale.com\/?p=541"},"modified":"2018-09-25T11:05:53","modified_gmt":"2018-09-25T09:05:53","slug":"fattura-elettronica-come-gestire-le-fatture-differite","status":"publish","type":"post","link":"https:\/\/www.fatturadigitale.com\/en\/fattura-elettronica-come-gestire-le-fatture-differite\/impresa\/","title":{"rendered":"FATTURA ELETTRONICA: come gestire le fatture differite"},"content":{"rendered":"<h2>Come cambier\u00e0 la gestione delle fatture differite con l&#8217;entrata in vigore della fatturazione elettronica dal prossimo gennaio 2019? E&#8217; quanto ci si sta chiedendo in questi giorni.<\/h2>\n<h3>Quali sono le fatture differite e quando vengono emesse?<\/h3>\n<p>Le fatture differite sono fatture emesse, per un\u00a0 insieme di operazioni effettuate nel corso del mese nei confronti di uno stesso soggetto, in un unico documento riassuntivo entro il 15 del mese successivo a quello di effettuazione delle operazioni, la cui esigibilit\u00e0 dell&#8217;IVA viene contabilizzata nel mese\u00a0 in cui le operazioni si considerano effettuate.<\/p>\n<p>Nello specifico l&#8217;articolo 21 del dPR 633\/1972\u00a0al comma 4 , recita :\u00a0<em>\u201c<strong>per le cessioni di beni\u00a0<\/strong>la cui consegna o spedizione risulta da documento di trasporto o da altro documento idoneo\u2026 nonch\u00e9\u00a0<strong>per le operazioni di servizi<\/strong>\u00a0individuabili attraverso idonea documentazione,\u00a0<strong>effettuate nello stesso mese solare nei confronti del medesimo soggetto<\/strong>,\u00a0<strong>pu\u00f2 essere emessa una sola fattura<\/strong>, recante il dettaglio delle operazioni,\u00a0<strong>entro il giorno 15 del mese successivo<\/strong>\u00a0a quello di effettuazione delle medesime\u201d<\/em>.<\/p>\n<h4>Quando andr\u00e0 emessa la fatturazione elettronica differita?<\/h4>\n<p>Se fino ad ora la prassi comune di emissione di una fattura differita per la maggior parte dei contribuenti, era quella di emetterla l&#8217;ultimo giorno del mese di esigibilit\u00e0 dell&#8217;imposta ( es. il 31 del mese ), seppur dovuta entro il 15 del mese successivo.<\/p><!--CusAds0-->\n<p>Con l&#8217;introduzione della fatturazione elettronica, la fattura differita non potr\u00e0 essere emessa con una data retrodatata, quindi, per una fattura emessa al 10 marzo, relativa a cessioni di beni o prestazioni di servizi effettuati nel mese di febbraio, la data non potr\u00e0 pi\u00f9 essere il 28 febbraio, ma obbligatoriamente il 10 di marzo.<\/p>\n<p>Di conseguenza, per la corretta applicazione della liquidazione periodica Iva, sar\u00e0 quindi necessario che tutti i programmi di contabilit\u00e0 diano la possibilit\u00e0 di distinguere il momento di fatturazione\/registrazione dal periodo in cui l\u2019iva esposta dovr\u00e0 rientrare nella liquidazione di competenza.<\/p>\n<p><strong>Approfondimenti<\/strong><br \/>\n<a href=\"https:\/\/www.fatturadigitale.com\/en\/fattura-quante-tipologie-di-fattura-esistono\/fisco\/\">FATTURA: quanti tipologie di fattura esistono?<\/a><br \/>\n<a href=\"https:\/\/www.fatturadigitale.com\/en\/split-payment-professionisti-come-fare-le-fatture-dal-14-luglio-2018\/fisco\/\">SPLIT PAYMENT PROFESSIONISTI: come fare le fatture dal 14 luglio<\/a><\/p>\n<p><img loading=\"lazy\" decoding=\"async\" class=\"alignnone wp-image-542 size-full\" src=\"https:\/\/www.fatturadigitale.com\/wp-content\/uploads\/2018\/09\/fattura-elettronica-differita-fatturadigitale.png\" alt=\"da gennaio 2019 quando andranno emesse le fatture differite\" width=\"650\" height=\"458\" srcset=\"https:\/\/www.fatturadigitale.com\/wp-content\/uploads\/2018\/09\/fattura-elettronica-differita-fatturadigitale.png 650w, https:\/\/www.fatturadigitale.com\/wp-content\/uploads\/2018\/09\/fattura-elettronica-differita-fatturadigitale-300x211.png 300w\" sizes=\"auto, (max-width: 650px) 100vw, 650px\" \/><\/p>\n<div class=\"fb-background-color\">\n\t\t\t  <div \n\t\t\t  \tclass = \"fb-comments\" \n\t\t\t  \tdata-href = \"https:\/\/www.fatturadigitale.com\/en\/fattura-elettronica-come-gestire-le-fatture-differite\/impresa\/\"\n\t\t\t  \tdata-numposts = \"10\"\n\t\t\t  \tdata-lazy = \"true\"\n\t\t\t\tdata-colorscheme = \"light\"\n\t\t\t\tdata-order-by = \"social\"\n\t\t\t\tdata-mobile=\"true\">\n\t\t\t  <\/div><\/div>\n\t\t  <style>\n\t\t    .fb-background-color {\n\t\t\t\tbackground:  !important;\n\t\t\t}\n\t\t\t.fb_iframe_widget_fluid_desktop iframe {\n\t\t\t    width: 100% !important;\n\t\t\t}\n\t\t  <\/style>\n\t\t  <!--CusAds0-->\n<div style=\"font-size: 0px; height: 0px; line-height: 0px; margin: 0; padding: 0; clear: both;\"><\/div>","protected":false},"excerpt":{"rendered":"<p>Come cambier\u00e0 la gestione delle fatture differite con l&#8217;entrata in vigore della fatturazione elettronica dal prossimo gennaio 2019? E&#8217; quanto ci si sta chiedendo in questi giorni. Quali sono le fatture differite e quando vengono emesse? Le fatture differite sono fatture emesse, per un\u00a0 insieme di operazioni effettuate nel corso del mese nei confronti di&hellip;&nbsp;<a href=\"https:\/\/www.fatturadigitale.com\/en\/fattura-elettronica-come-gestire-le-fatture-differite\/impresa\/\" rel=\"bookmark\"><span class=\"screen-reader-text\">FATTURA ELETTRONICA: come gestire le fatture differite<\/span><\/a><\/p>","protected":false},"author":1,"featured_media":542,"comment_status":"closed","ping_status":"open","sticky":false,"template":"","format":"standard","meta":{"neve_meta_sidebar":"","neve_meta_container":"","neve_meta_enable_content_width":"","neve_meta_content_width":0,"neve_meta_title_alignment":"","neve_meta_author_avatar":"","neve_post_elements_order":"","neve_meta_disable_header":"","neve_meta_disable_footer":"","neve_meta_disable_title":"","footnotes":""},"categories":[9],"tags":[78],"class_list":["post-541","post","type-post","status-publish","format-standard","has-post-thumbnail","hentry","category-impresa","tag-fattura-elettronica-differita"],"yoast_head":"<!-- This site is optimized with the Yoast SEO plugin v24.5 - https:\/\/yoast.com\/wordpress\/plugins\/seo\/ -->\n<title>FATTURA ELETTRONICA: come gestire le fatture differite - fattura digitale - news itc business pmi e professionisti<\/title>\n<meta name=\"robots\" content=\"index, follow, max-snippet:-1, max-image-preview:large, max-video-preview:-1\" \/>\n<link rel=\"canonical\" href=\"https:\/\/www.fatturadigitale.com\/en\/fattura-elettronica-come-gestire-le-fatture-differite\/impresa\/\" \/>\n<meta property=\"og:locale\" content=\"en_GB\" \/>\n<meta property=\"og:type\" content=\"article\" \/>\n<meta property=\"og:title\" content=\"FATTURA ELETTRONICA: come gestire le fatture differite - fattura digitale - news itc business pmi e professionisti\" \/>\n<meta property=\"og:description\" content=\"Come cambier\u00e0 la gestione delle fatture differite con l&#8217;entrata in vigore della fatturazione elettronica dal prossimo gennaio 2019? E&#8217; quanto ci si sta chiedendo in questi giorni. Quali sono le fatture differite e quando vengono emesse? Le fatture differite sono fatture emesse, per un\u00a0 insieme di operazioni effettuate nel corso del mese nei confronti di&hellip;&nbsp;FATTURA ELETTRONICA: come gestire le fatture differite\" \/>\n<meta property=\"og:url\" content=\"https:\/\/www.fatturadigitale.com\/en\/fattura-elettronica-come-gestire-le-fatture-differite\/impresa\/\" \/>\n<meta property=\"og:site_name\" content=\"fattura digitale - news itc business pmi e professionisti\" \/>\n<meta property=\"article:published_time\" content=\"2018-09-25T08:56:19+00:00\" \/>\n<meta property=\"article:modified_time\" content=\"2018-09-25T09:05:53+00:00\" \/>\n<meta property=\"og:image\" content=\"https:\/\/www.fatturadigitale.com\/wp-content\/uploads\/2018\/09\/fattura-elettronica-differita-fatturadigitale.png\" \/>\n\t<meta property=\"og:image:width\" content=\"650\" \/>\n\t<meta property=\"og:image:height\" content=\"458\" \/>\n\t<meta property=\"og:image:type\" content=\"image\/png\" \/>\n<meta name=\"author\" content=\"gesfattura\" \/>\n<meta name=\"twitter:card\" content=\"summary_large_image\" \/>\n<meta name=\"twitter:label1\" content=\"Written by\" \/>\n\t<meta name=\"twitter:data1\" content=\"gesfattura\" \/>\n\t<meta name=\"twitter:label2\" content=\"Estimated reading time\" \/>\n\t<meta name=\"twitter:data2\" content=\"2 minutes\" \/>\n<script type=\"application\/ld+json\" class=\"yoast-schema-graph\">{\"@context\":\"https:\/\/schema.org\",\"@graph\":[{\"@type\":\"WebPage\",\"@id\":\"https:\/\/www.fatturadigitale.com\/fattura-elettronica-come-gestire-le-fatture-differite\/impresa\/\",\"url\":\"https:\/\/www.fatturadigitale.com\/fattura-elettronica-come-gestire-le-fatture-differite\/impresa\/\",\"name\":\"FATTURA ELETTRONICA: come gestire le fatture differite - fattura digitale - news itc business pmi e professionisti\",\"isPartOf\":{\"@id\":\"https:\/\/www.fatturadigitale.com\/#website\"},\"primaryImageOfPage\":{\"@id\":\"https:\/\/www.fatturadigitale.com\/fattura-elettronica-come-gestire-le-fatture-differite\/impresa\/#primaryimage\"},\"image\":{\"@id\":\"https:\/\/www.fatturadigitale.com\/fattura-elettronica-come-gestire-le-fatture-differite\/impresa\/#primaryimage\"},\"thumbnailUrl\":\"https:\/\/www.fatturadigitale.com\/wp-content\/uploads\/2018\/09\/fattura-elettronica-differita-fatturadigitale.png\",\"datePublished\":\"2018-09-25T08:56:19+00:00\",\"dateModified\":\"2018-09-25T09:05:53+00:00\",\"author\":{\"@id\":\"https:\/\/www.fatturadigitale.com\/#\/schema\/person\/9c5f285151e6a4951e88b3fdf2f4ef74\"},\"breadcrumb\":{\"@id\":\"https:\/\/www.fatturadigitale.com\/fattura-elettronica-come-gestire-le-fatture-differite\/impresa\/#breadcrumb\"},\"inLanguage\":\"en-GB\",\"potentialAction\":[{\"@type\":\"ReadAction\",\"target\":[\"https:\/\/www.fatturadigitale.com\/fattura-elettronica-come-gestire-le-fatture-differite\/impresa\/\"]}]},{\"@type\":\"ImageObject\",\"inLanguage\":\"en-GB\",\"@id\":\"https:\/\/www.fatturadigitale.com\/fattura-elettronica-come-gestire-le-fatture-differite\/impresa\/#primaryimage\",\"url\":\"https:\/\/www.fatturadigitale.com\/wp-content\/uploads\/2018\/09\/fattura-elettronica-differita-fatturadigitale.png\",\"contentUrl\":\"https:\/\/www.fatturadigitale.com\/wp-content\/uploads\/2018\/09\/fattura-elettronica-differita-fatturadigitale.png\",\"width\":650,\"height\":458},{\"@type\":\"BreadcrumbList\",\"@id\":\"https:\/\/www.fatturadigitale.com\/fattura-elettronica-come-gestire-le-fatture-differite\/impresa\/#breadcrumb\",\"itemListElement\":[{\"@type\":\"ListItem\",\"position\":1,\"name\":\"Home\",\"item\":\"https:\/\/www.fatturadigitale.com\/\"},{\"@type\":\"ListItem\",\"position\":2,\"name\":\"FATTURA ELETTRONICA: come gestire le fatture differite\"}]},{\"@type\":\"WebSite\",\"@id\":\"https:\/\/www.fatturadigitale.com\/#website\",\"url\":\"https:\/\/www.fatturadigitale.com\/\",\"name\":\"fattura digitale - news itc business pmi e professionisti\",\"description\":\"business blog aziende e liberi professionisti in digitale\",\"potentialAction\":[{\"@type\":\"SearchAction\",\"target\":{\"@type\":\"EntryPoint\",\"urlTemplate\":\"https:\/\/www.fatturadigitale.com\/?s={search_term_string}\"},\"query-input\":{\"@type\":\"PropertyValueSpecification\",\"valueRequired\":true,\"valueName\":\"search_term_string\"}}],\"inLanguage\":\"en-GB\"},{\"@type\":\"Person\",\"@id\":\"https:\/\/www.fatturadigitale.com\/#\/schema\/person\/9c5f285151e6a4951e88b3fdf2f4ef74\",\"name\":\"gesfattura\",\"image\":{\"@type\":\"ImageObject\",\"inLanguage\":\"en-GB\",\"@id\":\"https:\/\/www.fatturadigitale.com\/#\/schema\/person\/image\/\",\"url\":\"https:\/\/secure.gravatar.com\/avatar\/e85f449559b65ac14f64ac6371cd13c8?s=96&d=mm&r=g\",\"contentUrl\":\"https:\/\/secure.gravatar.com\/avatar\/e85f449559b65ac14f64ac6371cd13c8?s=96&d=mm&r=g\",\"caption\":\"gesfattura\"},\"url\":\"https:\/\/www.fatturadigitale.com\/en\/author\/gesfattura\/\"}]}<\/script>\n<!-- \/ Yoast SEO plugin. -->","yoast_head_json":{"title":"FATTURA ELETTRONICA: come gestire le fatture differite - fattura digitale - news itc business pmi e professionisti","robots":{"index":"index","follow":"follow","max-snippet":"max-snippet:-1","max-image-preview":"max-image-preview:large","max-video-preview":"max-video-preview:-1"},"canonical":"https:\/\/www.fatturadigitale.com\/en\/fattura-elettronica-come-gestire-le-fatture-differite\/impresa\/","og_locale":"en_GB","og_type":"article","og_title":"FATTURA ELETTRONICA: come gestire le fatture differite - fattura digitale - news itc business pmi e professionisti","og_description":"Come cambier\u00e0 la gestione delle fatture differite con l&#8217;entrata in vigore della fatturazione elettronica dal prossimo gennaio 2019? E&#8217; quanto ci si sta chiedendo in questi giorni. Quali sono le fatture differite e quando vengono emesse? Le fatture differite sono fatture emesse, per un\u00a0 insieme di operazioni effettuate nel corso del mese nei confronti di&hellip;&nbsp;FATTURA ELETTRONICA: come gestire le fatture differite","og_url":"https:\/\/www.fatturadigitale.com\/en\/fattura-elettronica-come-gestire-le-fatture-differite\/impresa\/","og_site_name":"fattura digitale - news itc business pmi e professionisti","article_published_time":"2018-09-25T08:56:19+00:00","article_modified_time":"2018-09-25T09:05:53+00:00","og_image":[{"width":650,"height":458,"url":"https:\/\/www.fatturadigitale.com\/wp-content\/uploads\/2018\/09\/fattura-elettronica-differita-fatturadigitale.png","type":"image\/png"}],"author":"gesfattura","twitter_card":"summary_large_image","twitter_misc":{"Written by":"gesfattura","Estimated reading time":"2 minutes"},"schema":{"@context":"https:\/\/schema.org","@graph":[{"@type":"WebPage","@id":"https:\/\/www.fatturadigitale.com\/fattura-elettronica-come-gestire-le-fatture-differite\/impresa\/","url":"https:\/\/www.fatturadigitale.com\/fattura-elettronica-come-gestire-le-fatture-differite\/impresa\/","name":"FATTURA ELETTRONICA: come gestire le fatture differite - fattura digitale - news itc business pmi e professionisti","isPartOf":{"@id":"https:\/\/www.fatturadigitale.com\/#website"},"primaryImageOfPage":{"@id":"https:\/\/www.fatturadigitale.com\/fattura-elettronica-come-gestire-le-fatture-differite\/impresa\/#primaryimage"},"image":{"@id":"https:\/\/www.fatturadigitale.com\/fattura-elettronica-come-gestire-le-fatture-differite\/impresa\/#primaryimage"},"thumbnailUrl":"https:\/\/www.fatturadigitale.com\/wp-content\/uploads\/2018\/09\/fattura-elettronica-differita-fatturadigitale.png","datePublished":"2018-09-25T08:56:19+00:00","dateModified":"2018-09-25T09:05:53+00:00","author":{"@id":"https:\/\/www.fatturadigitale.com\/#\/schema\/person\/9c5f285151e6a4951e88b3fdf2f4ef74"},"breadcrumb":{"@id":"https:\/\/www.fatturadigitale.com\/fattura-elettronica-come-gestire-le-fatture-differite\/impresa\/#breadcrumb"},"inLanguage":"en-GB","potentialAction":[{"@type":"ReadAction","target":["https:\/\/www.fatturadigitale.com\/fattura-elettronica-come-gestire-le-fatture-differite\/impresa\/"]}]},{"@type":"ImageObject","inLanguage":"en-GB","@id":"https:\/\/www.fatturadigitale.com\/fattura-elettronica-come-gestire-le-fatture-differite\/impresa\/#primaryimage","url":"https:\/\/www.fatturadigitale.com\/wp-content\/uploads\/2018\/09\/fattura-elettronica-differita-fatturadigitale.png","contentUrl":"https:\/\/www.fatturadigitale.com\/wp-content\/uploads\/2018\/09\/fattura-elettronica-differita-fatturadigitale.png","width":650,"height":458},{"@type":"BreadcrumbList","@id":"https:\/\/www.fatturadigitale.com\/fattura-elettronica-come-gestire-le-fatture-differite\/impresa\/#breadcrumb","itemListElement":[{"@type":"ListItem","position":1,"name":"Home","item":"https:\/\/www.fatturadigitale.com\/"},{"@type":"ListItem","position":2,"name":"FATTURA ELETTRONICA: come gestire le fatture differite"}]},{"@type":"WebSite","@id":"https:\/\/www.fatturadigitale.com\/#website","url":"https:\/\/www.fatturadigitale.com\/","name":"fattura digitale - news itc business pmi e professionisti","description":"business blog aziende e liberi professionisti in digitale","potentialAction":[{"@type":"SearchAction","target":{"@type":"EntryPoint","urlTemplate":"https:\/\/www.fatturadigitale.com\/?s={search_term_string}"},"query-input":{"@type":"PropertyValueSpecification","valueRequired":true,"valueName":"search_term_string"}}],"inLanguage":"en-GB"},{"@type":"Person","@id":"https:\/\/www.fatturadigitale.com\/#\/schema\/person\/9c5f285151e6a4951e88b3fdf2f4ef74","name":"gesfattura","image":{"@type":"ImageObject","inLanguage":"en-GB","@id":"https:\/\/www.fatturadigitale.com\/#\/schema\/person\/image\/","url":"https:\/\/secure.gravatar.com\/avatar\/e85f449559b65ac14f64ac6371cd13c8?s=96&d=mm&r=g","contentUrl":"https:\/\/secure.gravatar.com\/avatar\/e85f449559b65ac14f64ac6371cd13c8?s=96&d=mm&r=g","caption":"gesfattura"},"url":"https:\/\/www.fatturadigitale.com\/en\/author\/gesfattura\/"}]}},"jetpack_featured_media_url":"https:\/\/www.fatturadigitale.com\/wp-content\/uploads\/2018\/09\/fattura-elettronica-differita-fatturadigitale.png","post_mailing_queue_ids":[],"_links":{"self":[{"href":"https:\/\/www.fatturadigitale.com\/en\/wp-json\/wp\/v2\/posts\/541","targetHints":{"allow":["GET"]}}],"collection":[{"href":"https:\/\/www.fatturadigitale.com\/en\/wp-json\/wp\/v2\/posts"}],"about":[{"href":"https:\/\/www.fatturadigitale.com\/en\/wp-json\/wp\/v2\/types\/post"}],"author":[{"embeddable":true,"href":"https:\/\/www.fatturadigitale.com\/en\/wp-json\/wp\/v2\/users\/1"}],"replies":[{"embeddable":true,"href":"https:\/\/www.fatturadigitale.com\/en\/wp-json\/wp\/v2\/comments?post=541"}],"version-history":[{"count":6,"href":"https:\/\/www.fatturadigitale.com\/en\/wp-json\/wp\/v2\/posts\/541\/revisions"}],"predecessor-version":[{"id":548,"href":"https:\/\/www.fatturadigitale.com\/en\/wp-json\/wp\/v2\/posts\/541\/revisions\/548"}],"wp:featuredmedia":[{"embeddable":true,"href":"https:\/\/www.fatturadigitale.com\/en\/wp-json\/wp\/v2\/media\/542"}],"wp:attachment":[{"href":"https:\/\/www.fatturadigitale.com\/en\/wp-json\/wp\/v2\/media?parent=541"}],"wp:term":[{"taxonomy":"category","embeddable":true,"href":"https:\/\/www.fatturadigitale.com\/en\/wp-json\/wp\/v2\/categories?post=541"},{"taxonomy":"post_tag","embeddable":true,"href":"https:\/\/www.fatturadigitale.com\/en\/wp-json\/wp\/v2\/tags?post=541"}],"curies":[{"name":"wp","href":"https:\/\/api.w.org\/{rel}","templated":true}]}}